{"id":3118,"date":"2023-10-27T19:07:41","date_gmt":"2023-10-27T18:07:41","guid":{"rendered":"https:\/\/bancodealimentosdezaragoza.es\/?p=3118"},"modified":"2024-05-07T08:41:13","modified_gmt":"2024-05-07T06:41:13","slug":"xxvii-edicion-premios-amigos-y-alimentos","status":"publish","type":"post","link":"https:\/\/baz.pariver.com\/index.php\/2023\/10\/27\/xxvii-edicion-premios-amigos-y-alimentos\/","title":{"rendered":"&#8211; XXVII Edici\u00f3n premios &#8216;AMIGOS y ALIMENTOS&#8217;"},"content":{"rendered":"\t\t<div data-elementor-type=\"wp-post\" data-elementor-id=\"3118\" class=\"elementor elementor-3118\" data-elementor-post-type=\"post\">\n\t\t\t\t<div class=\"elementor-element elementor-element-2c83d293 e-flex e-con-boxed wpr-particle-no wpr-jarallax-no wpr-parallax-no wpr-sticky-section-no e-con e-parent\" data-id=\"2c83d293\" data-element_type=\"container\">\n\t\t\t\t\t<div class=\"e-con-inner\">\n\t\t\t\t<div class=\"elementor-element elementor-element-60e85c61 elementor-widget elementor-widget-text-editor\" data-id=\"60e85c61\" data-element_type=\"widget\" data-widget_type=\"text-editor.default\">\n\t\t\t\t<div class=\"elementor-widget-container\">\n\t\t\t<style>\/*! elementor - v3.21.0 - 08-05-2024 *\/\n.elementor-widget-text-editor.elementor-drop-cap-view-stacked .elementor-drop-cap{background-color:#69727d;color:#fff}.elementor-widget-text-editor.elementor-drop-cap-view-framed .elementor-drop-cap{color:#69727d;border:3px solid;background-color:transparent}.elementor-widget-text-editor:not(.elementor-drop-cap-view-default) .elementor-drop-cap{margin-top:8px}.elementor-widget-text-editor:not(.elementor-drop-cap-view-default) .elementor-drop-cap-letter{width:1em;height:1em}.elementor-widget-text-editor .elementor-drop-cap{float:left;text-align:center;line-height:1;font-size:50px}.elementor-widget-text-editor .elementor-drop-cap-letter{display:inline-block}<\/style>\t\t\t\t<p><!-- wp:paragraph --><\/p>\n<p>El pasado 20 de octubre tuvo lugar en las instalaciones del Banco de Alimentos de Zaragoza, en Mercazaragoza, &nbsp;el acto de entrega de la <strong>edici\u00f3n XXVII de los premios \u2018AMIGOS Y ALIMENTOS\u2019.<\/strong><\/p>\n<p><!-- \/wp:paragraph --><\/p>\n<p><!-- wp:paragraph --><\/p>\n<p>El <strong>Presidente de la Fundaci\u00f3n Banco de Alimentos de Zaragoza, Jos\u00e9 Ignacio Alfaro Xim\u00e9nez,<\/strong> cedi\u00f3 la presidencia del acto a <strong>Natalia Chueca Mu\u00f1oz, alcaldesa de Zaragoza.<\/strong><\/p>\n<p><!-- \/wp:paragraph --><\/p>\n<p><!-- wp:paragraph --><\/p>\n<p><strong>El premio de esta edici\u00f3n<\/strong> fue entregado por la alcaldesa de Zaragoza a la empresa <strong>Amazon<\/strong> por su trabajo desinteresado con el Banco de Alimentos de Zaragoza, y por su apuesta continua de ayuda a quien lo necesita de manera altruista y an\u00f3nima.<\/p>\n<p><!-- \/wp:paragraph --><\/p>\n<p><!-- wp:paragraph --><\/p>\n<p>El subdelegado del Gobierno entreg\u00f3 <strong>insignias a 8 voluntarios \u2018fijos\u2019<\/strong>, por su constante dedicaci\u00f3n al Banco de Alimentos:  <strong>Luciano Moreno,&nbsp;Abelardo Garc\u00eda,&nbsp;Joaqu\u00edn Torres,&nbsp;Bernardo Pintado,&nbsp;Fernando Ram\u00edrez,&nbsp;Joaqu\u00edn Aroz,&nbsp;F\u00e9lix Borbolla, y&nbsp;Constantino Campos<\/strong><\/p>\n<p><!-- \/wp:paragraph --><\/p>\n<p><!-- wp:paragraph --><\/p>\n<p>y a <strong>2 voluntarios que colaboran activamente con el Banco de Alimentos en las campa\u00f1as <\/strong>que realizamos a lo largo del a\u00f1o, en especial con la Gran Recogida: <strong>&nbsp;Jes\u00fas B\u00e1denas, y Amado Del Hoyo<\/strong><\/p>\n<p><!-- \/wp:paragraph --><\/p>\n<p><!-- wp:paragraph --><\/p>\n<p>En el acto pudimos escuchar las palabras de Natalia Chueca, alcaldesa de Zaragoza, Jos\u00e9 Ignacio Alfaro, presidente del Banco de Alimentos de Zaragoza y un representante de la Comunidad Chemin Neuf, que habl\u00f3 en nombre de los Centros Asistenciales beneficiarios del Banco de Alimentos.<\/p>\n<p><!-- \/wp:paragraph --><\/p>\n<p><!-- wp:paragraph --><\/p>\n<p>Finalmente se ofreci\u00f3 un vino espa\u00f1ol, que fue servido por alumnos de la Escuela de Hosteler\u00eda TOPI.<\/p>\t\t\t\t\t\t<\/div>\n\t\t\t\t<\/div>\n\t\t\t\t<div class=\"elementor-element elementor-element-7bb1a77 elementor-widget elementor-widget-shortcode\" data-id=\"7bb1a77\" data-element_type=\"widget\" data-widget_type=\"shortcode.default\">\n\t\t\t\t<div class=\"elementor-widget-container\">\n\t\t\t\t\t<div class=\"elementor-shortcode\"><\/div>\n\t\t\t\t<\/div>\n\t\t\t\t<\/div>\n\t\t\t\t\t<\/div>\n\t\t\t\t<\/div>\n\t\t\t\t<\/div>\n\t\t","protected":false},"excerpt":{"rendered":"<p>El pasado 20 de octubre tuvo lugar en las instalaciones del Banco de Alimentos de Zaragoza, en Mercazaragoza, &nbsp;el acto [&hellip;]<\/p>\n","protected":false},"author":1,"featured_media":3120,"comment_status":"closed","ping_status":"closed","sticky":false,"template":"","format":"standard","meta":{"site-sidebar-layout":"default","site-content-layout":"","ast-site-content-layout":"","site-content-style":"default","site-sidebar-style":"default","ast-global-header-display":"","ast-banner-title-visibility":"","ast-main-header-display":"","ast-hfb-above-header-display":"","ast-hfb-below-header-display":"","ast-hfb-mobile-header-display":"","site-post-title":"","ast-breadcrumbs-content":"","ast-featured-img":"","footer-sml-layout":"","theme-transparent-header-meta":"","adv-header-id-meta":"","stick-header-meta":"","header-above-stick-meta":"","header-main-stick-meta":"","header-below-stick-meta":"","astra-migrate-meta-layouts":"default","ast-page-background-enabled":"default","ast-page-background-meta":{"desktop":{"background-color":"var(--ast-global-color-4)","background-image":"","background-repeat":"repeat","background-position":"center center","background-size":"auto","background-attachment":"scroll","background-type":"","background-media":"","overlay-type":"","overlay-color":"","overlay-gradient":""},"tablet":{"background-color":"","background-image":"","background-repeat":"repeat","background-position":"center center","background-size":"auto","background-attachment":"scroll","background-type":"","background-media":"","overlay-type":"","overlay-color":"","overlay-gradient":""},"mobile":{"background-color":"","background-image":"","background-repeat":"repeat","background-position":"center center","background-size":"auto","background-attachment":"scroll","background-type":"","background-media":"","overlay-type":"","overlay-color":"","overlay-gradient":""}},"ast-content-background-meta":{"desktop":{"background-color":"var(--ast-global-color-5)","background-image":"","background-repeat":"repeat","background-position":"center center","background-size":"auto","background-attachment":"scroll","background-type":"","background-media":"","overlay-type":"","overlay-color":"","overlay-gradient":""},"tablet":{"background-color":"var(--ast-global-color-5)","background-image":"","background-repeat":"repeat","background-position":"center center","background-size":"auto","background-attachment":"scroll","background-type":"","background-media":"","overlay-type":"","overlay-color":"","overlay-gradient":""},"mobile":{"background-color":"var(--ast-global-color-5)","background-image":"","background-repeat":"repeat","background-position":"center center","background-size":"auto","background-attachment":"scroll","background-type":"","background-media":"","overlay-type":"","overlay-color":"","overlay-gradient":""}},"footnotes":""},"categories":[10,8],"tags":[],"class_list":["post-3118","post","type-post","status-publish","format-standard","has-post-thumbnail","hentry","category-destacados","category-noticias"],"yoast_head":"<!-- This site is optimized with the Yoast SEO plugin v22.6 - https:\/\/yoast.com\/wordpress\/plugins\/seo\/ -->\n<title>- XXVII Edici\u00f3n premios &#039;AMIGOS y ALIMENTOS&#039; - Fundacion Banco de Alimentos de Zaragoza<\/title>\n<meta name=\"robots\" content=\"index, follow, max-snippet:-1, max-image-preview:large, max-video-preview:-1\" \/>\n<link rel=\"canonical\" href=\"https:\/\/baz.pariver.com\/index.php\/2023\/10\/27\/xxvii-edicion-premios-amigos-y-alimentos\/\" \/>\n<meta property=\"og:locale\" content=\"es_ES\" \/>\n<meta property=\"og:type\" content=\"article\" \/>\n<meta property=\"og:title\" content=\"- XXVII Edici\u00f3n premios &#039;AMIGOS y ALIMENTOS&#039; - Fundacion Banco de Alimentos de Zaragoza\" \/>\n<meta property=\"og:description\" content=\"El pasado 20 de octubre tuvo lugar en las instalaciones del Banco de Alimentos de Zaragoza, en Mercazaragoza, &nbsp;el acto [&hellip;]\" \/>\n<meta property=\"og:url\" content=\"https:\/\/baz.pariver.com\/index.php\/2023\/10\/27\/xxvii-edicion-premios-amigos-y-alimentos\/\" \/>\n<meta property=\"og:site_name\" content=\"Fundacion Banco de Alimentos de Zaragoza\" \/>\n<meta property=\"article:publisher\" content=\"https:\/\/www.facebook.com\/BancoAlimentosZaragoza\" \/>\n<meta property=\"article:published_time\" content=\"2023-10-27T18:07:41+00:00\" \/>\n<meta property=\"article:modified_time\" content=\"2024-05-07T06:41:13+00:00\" \/>\n<meta property=\"og:image\" content=\"https:\/\/baz.pariver.com\/wp-content\/uploads\/2023\/10\/Destacada-web-scaled-1.jpg\" \/>\n\t<meta property=\"og:image:width\" content=\"2560\" \/>\n\t<meta property=\"og:image:height\" content=\"1408\" \/>\n\t<meta property=\"og:image:type\" content=\"image\/jpeg\" \/>\n<meta name=\"author\" content=\"BAZ\" \/>\n<meta name=\"twitter:card\" content=\"summary_large_image\" \/>\n<meta name=\"twitter:creator\" content=\"@b_alimentoszgz\" \/>\n<meta name=\"twitter:site\" content=\"@b_alimentoszgz\" \/>\n<meta name=\"twitter:label1\" content=\"Escrito por\" \/>\n\t<meta name=\"twitter:data1\" content=\"BAZ\" \/>\n\t<meta name=\"twitter:label2\" content=\"Tiempo de lectura\" \/>\n\t<meta name=\"twitter:data2\" content=\"2 minutos\" \/>\n<script type=\"application\/ld+json\" class=\"yoast-schema-graph\">{\"@context\":\"https:\/\/schema.org\",\"@graph\":[{\"@type\":\"Article\",\"@id\":\"https:\/\/baz.pariver.com\/index.php\/2023\/10\/27\/xxvii-edicion-premios-amigos-y-alimentos\/#article\",\"isPartOf\":{\"@id\":\"https:\/\/baz.pariver.com\/index.php\/2023\/10\/27\/xxvii-edicion-premios-amigos-y-alimentos\/\"},\"author\":{\"name\":\"BAZ\",\"@id\":\"https:\/\/baz.pariver.com\/#\/schema\/person\/5b14243dab27aa8746dea8654a3299fb\"},\"headline\":\"&#8211; XXVII Edici\u00f3n premios &#8216;AMIGOS y ALIMENTOS&#8217;\",\"datePublished\":\"2023-10-27T18:07:41+00:00\",\"dateModified\":\"2024-05-07T06:41:13+00:00\",\"mainEntityOfPage\":{\"@id\":\"https:\/\/baz.pariver.com\/index.php\/2023\/10\/27\/xxvii-edicion-premios-amigos-y-alimentos\/\"},\"wordCount\":264,\"publisher\":{\"@id\":\"https:\/\/baz.pariver.com\/#organization\"},\"image\":{\"@id\":\"https:\/\/baz.pariver.com\/index.php\/2023\/10\/27\/xxvii-edicion-premios-amigos-y-alimentos\/#primaryimage\"},\"thumbnailUrl\":\"https:\/\/baz.pariver.com\/wp-content\/uploads\/2023\/10\/Destacada-web-scaled-1.jpg\",\"articleSection\":[\"Destacados\",\"Noticias\"],\"inLanguage\":\"es\"},{\"@type\":\"WebPage\",\"@id\":\"https:\/\/baz.pariver.com\/index.php\/2023\/10\/27\/xxvii-edicion-premios-amigos-y-alimentos\/\",\"url\":\"https:\/\/baz.pariver.com\/index.php\/2023\/10\/27\/xxvii-edicion-premios-amigos-y-alimentos\/\",\"name\":\"- XXVII Edici\u00f3n premios 'AMIGOS y ALIMENTOS' - Fundacion Banco de Alimentos de Zaragoza\",\"isPartOf\":{\"@id\":\"https:\/\/baz.pariver.com\/#website\"},\"primaryImageOfPage\":{\"@id\":\"https:\/\/baz.pariver.com\/index.php\/2023\/10\/27\/xxvii-edicion-premios-amigos-y-alimentos\/#primaryimage\"},\"image\":{\"@id\":\"https:\/\/baz.pariver.com\/index.php\/2023\/10\/27\/xxvii-edicion-premios-amigos-y-alimentos\/#primaryimage\"},\"thumbnailUrl\":\"https:\/\/baz.pariver.com\/wp-content\/uploads\/2023\/10\/Destacada-web-scaled-1.jpg\",\"datePublished\":\"2023-10-27T18:07:41+00:00\",\"dateModified\":\"2024-05-07T06:41:13+00:00\",\"breadcrumb\":{\"@id\":\"https:\/\/baz.pariver.com\/index.php\/2023\/10\/27\/xxvii-edicion-premios-amigos-y-alimentos\/#breadcrumb\"},\"inLanguage\":\"es\",\"potentialAction\":[{\"@type\":\"ReadAction\",\"target\":[\"https:\/\/baz.pariver.com\/index.php\/2023\/10\/27\/xxvii-edicion-premios-amigos-y-alimentos\/\"]}]},{\"@type\":\"ImageObject\",\"inLanguage\":\"es\",\"@id\":\"https:\/\/baz.pariver.com\/index.php\/2023\/10\/27\/xxvii-edicion-premios-amigos-y-alimentos\/#primaryimage\",\"url\":\"https:\/\/baz.pariver.com\/wp-content\/uploads\/2023\/10\/Destacada-web-scaled-1.jpg\",\"contentUrl\":\"https:\/\/baz.pariver.com\/wp-content\/uploads\/2023\/10\/Destacada-web-scaled-1.jpg\",\"width\":2560,\"height\":1408},{\"@type\":\"BreadcrumbList\",\"@id\":\"https:\/\/baz.pariver.com\/index.php\/2023\/10\/27\/xxvii-edicion-premios-amigos-y-alimentos\/#breadcrumb\",\"itemListElement\":[{\"@type\":\"ListItem\",\"position\":1,\"name\":\"Portada\",\"item\":\"https:\/\/baz.pariver.com\/\"},{\"@type\":\"ListItem\",\"position\":2,\"name\":\"&#8211; XXVII Edici\u00f3n premios &#8216;AMIGOS y ALIMENTOS&#8217;\"}]},{\"@type\":\"WebSite\",\"@id\":\"https:\/\/baz.pariver.com\/#website\",\"url\":\"https:\/\/baz.pariver.com\/\",\"name\":\"Fundacion Banco de Alimentos de Zaragoza\",\"description\":\"Nos hace falta lo que a ti te sobra\",\"publisher\":{\"@id\":\"https:\/\/baz.pariver.com\/#organization\"},\"potentialAction\":[{\"@type\":\"SearchAction\",\"target\":{\"@type\":\"EntryPoint\",\"urlTemplate\":\"https:\/\/baz.pariver.com\/?s={search_term_string}\"},\"query-input\":\"required name=search_term_string\"}],\"inLanguage\":\"es\"},{\"@type\":\"Organization\",\"@id\":\"https:\/\/baz.pariver.com\/#organization\",\"name\":\"Fundacion Banco de Alimentos de Zaragoza\",\"url\":\"https:\/\/baz.pariver.com\/\",\"logo\":{\"@type\":\"ImageObject\",\"inLanguage\":\"es\",\"@id\":\"https:\/\/baz.pariver.com\/#\/schema\/logo\/image\/\",\"url\":\"https:\/\/baz.pariver.com\/wp-content\/uploads\/2024\/04\/banco-alimentos.png\",\"contentUrl\":\"https:\/\/baz.pariver.com\/wp-content\/uploads\/2024\/04\/banco-alimentos.png\",\"width\":303,\"height\":309,\"caption\":\"Fundacion Banco de Alimentos de Zaragoza\"},\"image\":{\"@id\":\"https:\/\/baz.pariver.com\/#\/schema\/logo\/image\/\"},\"sameAs\":[\"https:\/\/www.facebook.com\/BancoAlimentosZaragoza\",\"https:\/\/x.com\/b_alimentoszgz\",\"https:\/\/www.instagram.com\/b_alimentoszgz\/\",\"https:\/\/www.linkedin.com\/company\/fundacin-banco-de-alimentos-de-zaragoza\/\"]},{\"@type\":\"Person\",\"@id\":\"https:\/\/baz.pariver.com\/#\/schema\/person\/5b14243dab27aa8746dea8654a3299fb\",\"name\":\"BAZ\",\"image\":{\"@type\":\"ImageObject\",\"inLanguage\":\"es\",\"@id\":\"https:\/\/baz.pariver.com\/#\/schema\/person\/image\/\",\"url\":\"https:\/\/secure.gravatar.com\/avatar\/e34d5dd796f53a4732d0fbffd12863be0569c88817bf83f4ffba99cd3a144fcb?s=96&d=mm&r=g\",\"contentUrl\":\"https:\/\/secure.gravatar.com\/avatar\/e34d5dd796f53a4732d0fbffd12863be0569c88817bf83f4ffba99cd3a144fcb?s=96&d=mm&r=g\",\"caption\":\"BAZ\"},\"sameAs\":[\"https:\/\/baz.pariver.com\"],\"url\":\"https:\/\/baz.pariver.com\/index.php\/author\/baz\/\"}]}<\/script>\n<!-- \/ Yoast SEO plugin. -->","yoast_head_json":{"title":"- XXVII Edici\u00f3n premios 'AMIGOS y ALIMENTOS' - Fundacion Banco de Alimentos de Zaragoza","robots":{"index":"index","follow":"follow","max-snippet":"max-snippet:-1","max-image-preview":"max-image-preview:large","max-video-preview":"max-video-preview:-1"},"canonical":"https:\/\/baz.pariver.com\/index.php\/2023\/10\/27\/xxvii-edicion-premios-amigos-y-alimentos\/","og_locale":"es_ES","og_type":"article","og_title":"- XXVII Edici\u00f3n premios 'AMIGOS y ALIMENTOS' - Fundacion Banco de Alimentos de Zaragoza","og_description":"El pasado 20 de octubre tuvo lugar en las instalaciones del Banco de Alimentos de Zaragoza, en Mercazaragoza, &nbsp;el acto [&hellip;]","og_url":"https:\/\/baz.pariver.com\/index.php\/2023\/10\/27\/xxvii-edicion-premios-amigos-y-alimentos\/","og_site_name":"Fundacion Banco de Alimentos de Zaragoza","article_publisher":"https:\/\/www.facebook.com\/BancoAlimentosZaragoza","article_published_time":"2023-10-27T18:07:41+00:00","article_modified_time":"2024-05-07T06:41:13+00:00","og_image":[{"width":2560,"height":1408,"url":"https:\/\/baz.pariver.com\/wp-content\/uploads\/2023\/10\/Destacada-web-scaled-1.jpg","type":"image\/jpeg"}],"author":"BAZ","twitter_card":"summary_large_image","twitter_creator":"@b_alimentoszgz","twitter_site":"@b_alimentoszgz","twitter_misc":{"Escrito por":"BAZ","Tiempo de lectura":"2 minutos"},"schema":{"@context":"https:\/\/schema.org","@graph":[{"@type":"Article","@id":"https:\/\/baz.pariver.com\/index.php\/2023\/10\/27\/xxvii-edicion-premios-amigos-y-alimentos\/#article","isPartOf":{"@id":"https:\/\/baz.pariver.com\/index.php\/2023\/10\/27\/xxvii-edicion-premios-amigos-y-alimentos\/"},"author":{"name":"BAZ","@id":"https:\/\/baz.pariver.com\/#\/schema\/person\/5b14243dab27aa8746dea8654a3299fb"},"headline":"&#8211; XXVII Edici\u00f3n premios &#8216;AMIGOS y ALIMENTOS&#8217;","datePublished":"2023-10-27T18:07:41+00:00","dateModified":"2024-05-07T06:41:13+00:00","mainEntityOfPage":{"@id":"https:\/\/baz.pariver.com\/index.php\/2023\/10\/27\/xxvii-edicion-premios-amigos-y-alimentos\/"},"wordCount":264,"publisher":{"@id":"https:\/\/baz.pariver.com\/#organization"},"image":{"@id":"https:\/\/baz.pariver.com\/index.php\/2023\/10\/27\/xxvii-edicion-premios-amigos-y-alimentos\/#primaryimage"},"thumbnailUrl":"https:\/\/baz.pariver.com\/wp-content\/uploads\/2023\/10\/Destacada-web-scaled-1.jpg","articleSection":["Destacados","Noticias"],"inLanguage":"es"},{"@type":"WebPage","@id":"https:\/\/baz.pariver.com\/index.php\/2023\/10\/27\/xxvii-edicion-premios-amigos-y-alimentos\/","url":"https:\/\/baz.pariver.com\/index.php\/2023\/10\/27\/xxvii-edicion-premios-amigos-y-alimentos\/","name":"- XXVII Edici\u00f3n premios 'AMIGOS y ALIMENTOS' - Fundacion Banco de Alimentos de Zaragoza","isPartOf":{"@id":"https:\/\/baz.pariver.com\/#website"},"primaryImageOfPage":{"@id":"https:\/\/baz.pariver.com\/index.php\/2023\/10\/27\/xxvii-edicion-premios-amigos-y-alimentos\/#primaryimage"},"image":{"@id":"https:\/\/baz.pariver.com\/index.php\/2023\/10\/27\/xxvii-edicion-premios-amigos-y-alimentos\/#primaryimage"},"thumbnailUrl":"https:\/\/baz.pariver.com\/wp-content\/uploads\/2023\/10\/Destacada-web-scaled-1.jpg","datePublished":"2023-10-27T18:07:41+00:00","dateModified":"2024-05-07T06:41:13+00:00","breadcrumb":{"@id":"https:\/\/baz.pariver.com\/index.php\/2023\/10\/27\/xxvii-edicion-premios-amigos-y-alimentos\/#breadcrumb"},"inLanguage":"es","potentialAction":[{"@type":"ReadAction","target":["https:\/\/baz.pariver.com\/index.php\/2023\/10\/27\/xxvii-edicion-premios-amigos-y-alimentos\/"]}]},{"@type":"ImageObject","inLanguage":"es","@id":"https:\/\/baz.pariver.com\/index.php\/2023\/10\/27\/xxvii-edicion-premios-amigos-y-alimentos\/#primaryimage","url":"https:\/\/baz.pariver.com\/wp-content\/uploads\/2023\/10\/Destacada-web-scaled-1.jpg","contentUrl":"https:\/\/baz.pariver.com\/wp-content\/uploads\/2023\/10\/Destacada-web-scaled-1.jpg","width":2560,"height":1408},{"@type":"BreadcrumbList","@id":"https:\/\/baz.pariver.com\/index.php\/2023\/10\/27\/xxvii-edicion-premios-amigos-y-alimentos\/#breadcrumb","itemListElement":[{"@type":"ListItem","position":1,"name":"Portada","item":"https:\/\/baz.pariver.com\/"},{"@type":"ListItem","position":2,"name":"&#8211; XXVII Edici\u00f3n premios &#8216;AMIGOS y ALIMENTOS&#8217;"}]},{"@type":"WebSite","@id":"https:\/\/baz.pariver.com\/#website","url":"https:\/\/baz.pariver.com\/","name":"Fundacion Banco de Alimentos de Zaragoza","description":"Nos hace falta lo que a ti te sobra","publisher":{"@id":"https:\/\/baz.pariver.com\/#organization"},"potentialAction":[{"@type":"SearchAction","target":{"@type":"EntryPoint","urlTemplate":"https:\/\/baz.pariver.com\/?s={search_term_string}"},"query-input":"required name=search_term_string"}],"inLanguage":"es"},{"@type":"Organization","@id":"https:\/\/baz.pariver.com\/#organization","name":"Fundacion Banco de Alimentos de Zaragoza","url":"https:\/\/baz.pariver.com\/","logo":{"@type":"ImageObject","inLanguage":"es","@id":"https:\/\/baz.pariver.com\/#\/schema\/logo\/image\/","url":"https:\/\/baz.pariver.com\/wp-content\/uploads\/2024\/04\/banco-alimentos.png","contentUrl":"https:\/\/baz.pariver.com\/wp-content\/uploads\/2024\/04\/banco-alimentos.png","width":303,"height":309,"caption":"Fundacion Banco de Alimentos de Zaragoza"},"image":{"@id":"https:\/\/baz.pariver.com\/#\/schema\/logo\/image\/"},"sameAs":["https:\/\/www.facebook.com\/BancoAlimentosZaragoza","https:\/\/x.com\/b_alimentoszgz","https:\/\/www.instagram.com\/b_alimentoszgz\/","https:\/\/www.linkedin.com\/company\/fundacin-banco-de-alimentos-de-zaragoza\/"]},{"@type":"Person","@id":"https:\/\/baz.pariver.com\/#\/schema\/person\/5b14243dab27aa8746dea8654a3299fb","name":"BAZ","image":{"@type":"ImageObject","inLanguage":"es","@id":"https:\/\/baz.pariver.com\/#\/schema\/person\/image\/","url":"https:\/\/secure.gravatar.com\/avatar\/e34d5dd796f53a4732d0fbffd12863be0569c88817bf83f4ffba99cd3a144fcb?s=96&d=mm&r=g","contentUrl":"https:\/\/secure.gravatar.com\/avatar\/e34d5dd796f53a4732d0fbffd12863be0569c88817bf83f4ffba99cd3a144fcb?s=96&d=mm&r=g","caption":"BAZ"},"sameAs":["https:\/\/baz.pariver.com"],"url":"https:\/\/baz.pariver.com\/index.php\/author\/baz\/"}]}},"_links":{"self":[{"href":"https:\/\/baz.pariver.com\/index.php\/wp-json\/wp\/v2\/posts\/3118","targetHints":{"allow":["GET"]}}],"collection":[{"href":"https:\/\/baz.pariver.com\/index.php\/wp-json\/wp\/v2\/posts"}],"about":[{"href":"https:\/\/baz.pariver.com\/index.php\/wp-json\/wp\/v2\/types\/post"}],"author":[{"embeddable":true,"href":"https:\/\/baz.pariver.com\/index.php\/wp-json\/wp\/v2\/users\/1"}],"replies":[{"embeddable":true,"href":"https:\/\/baz.pariver.com\/index.php\/wp-json\/wp\/v2\/comments?post=3118"}],"version-history":[{"count":9,"href":"https:\/\/baz.pariver.com\/index.php\/wp-json\/wp\/v2\/posts\/3118\/revisions"}],"predecessor-version":[{"id":6439,"href":"https:\/\/baz.pariver.com\/index.php\/wp-json\/wp\/v2\/posts\/3118\/revisions\/6439"}],"wp:featuredmedia":[{"embeddable":true,"href":"https:\/\/baz.pariver.com\/index.php\/wp-json\/wp\/v2\/media\/3120"}],"wp:attachment":[{"href":"https:\/\/baz.pariver.com\/index.php\/wp-json\/wp\/v2\/media?parent=3118"}],"wp:term":[{"taxonomy":"category","embeddable":true,"href":"https:\/\/baz.pariver.com\/index.php\/wp-json\/wp\/v2\/categories?post=3118"},{"taxonomy":"post_tag","embeddable":true,"href":"https:\/\/baz.pariver.com\/index.php\/wp-json\/wp\/v2\/tags?post=3118"}],"curies":[{"name":"wp","href":"https:\/\/api.w.org\/{rel}","templated":true}]}}